{"id":12488,"date":"2026-09-02T12:18:53","date_gmt":"2026-09-02T15:18:53","guid":{"rendered":"https:\/\/www.mundiblue.com\/consultoria\/?p=12488"},"modified":"2026-09-02T13:13:37","modified_gmt":"2026-09-02T16:13:37","slug":"6x1-5x2-4x3-e-12x36-entenda-como-funcionam-as-escalas-de-trabalho","status":"publish","type":"post","link":"https:\/\/www.mundiblue.com\/consultoria\/arquivos\/12488","title":{"rendered":"6&#215;1, 5&#215;2, 4&#215;3 e 12&#215;36: entenda como funcionam as escalas de trabalho"},"content":{"rendered":"<h3 class=\"content-head__subtitle\">As escalas organizam os dias de trabalho e descanso e podem variar conforme a atividade e as regras aplic\u00e1veis a cada categoria; veja como funcionam os principais modelos<\/h3>\n<figure id=\"attachment_12492\" aria-describedby=\"caption-attachment-12492\" style=\"width: 631px\" class=\"wp-caption aligncenter\"><a href=\"https:\/\/www.mundiblue.com\/consultoria\/wp-content\/uploads\/2026\/09\/Principais-Caracteristicas-das-Escalas-de-TrabalhoBrasil1.png\"><img fetchpriority=\"high\" decoding=\"async\" class=\"wp-image-12492\" src=\"https:\/\/www.mundiblue.com\/consultoria\/wp-content\/uploads\/2026\/09\/Principais-Caracteristicas-das-Escalas-de-TrabalhoBrasil1-300x212.png\" alt=\"\" width=\"631\" height=\"446\" srcset=\"https:\/\/www.mundiblue.com\/consultoria\/wp-content\/uploads\/2026\/09\/Principais-Caracteristicas-das-Escalas-de-TrabalhoBrasil1-300x212.png 300w, https:\/\/www.mundiblue.com\/consultoria\/wp-content\/uploads\/2026\/09\/Principais-Caracteristicas-das-Escalas-de-TrabalhoBrasil1-1024x722.png 1024w, https:\/\/www.mundiblue.com\/consultoria\/wp-content\/uploads\/2026\/09\/Principais-Caracteristicas-das-Escalas-de-TrabalhoBrasil1-1536x1083.png 1536w, https:\/\/www.mundiblue.com\/consultoria\/wp-content\/uploads\/2026\/09\/Principais-Caracteristicas-das-Escalas-de-TrabalhoBrasil1.png 2000w\" sizes=\"(max-width: 631px) 100vw, 631px\" \/><\/a><figcaption id=\"caption-attachment-12492\" class=\"wp-caption-text\">Fonte: Associa\u00e7\u00e3o Brasileira de Recursos Humanos\/ABRH-SP<\/figcaption><\/figure>\n<p>&nbsp;<\/p>\n<div id=\"chunk-fctif\">\n<div class=\"mc-column content-text active-extra-styles \" data-block-type=\"unstyled\" data-block-weight=\"44\" data-block-id=\"3\">\n<p class=\" content-text__container \" data-track-category=\"Link no Texto\" data-track-links=\"\" data-mrf-recirculation=\"Mat\u00e9ria - Links no Texto\"><span style=\"color: #000000;\">A Comiss\u00e3o de Constitui\u00e7\u00e3o e Justi\u00e7a (CCJ) do Senado deve votar nesta quarta-feira 02\/09\/26 a proposta que prev\u00ea o fim da escala de trabalho 6&#215;1 (seis dias de trabalho para um de folga), ap\u00f3s ser destravada pelo presidente da Casa, Davi Alcolumbre.<\/span><\/p>\n<\/div>\n<\/div>\n<div class=\"wall protected-content\">\n<div id=\"chunk-b746d\">\n<div class=\"mc-column content-text active-extra-styles \" data-block-type=\"unstyled\" data-block-weight=\"27\" data-block-id=\"5\">\n<p class=\" content-text__container \" data-track-category=\"Link no Texto\" data-track-links=\"\" data-mrf-recirculation=\"Mat\u00e9ria - Links no Texto\"><span style=\"color: #000000;\">O texto, relatado pelo senador Omar Aziz, reduz a jornada semanal e garante dois dias de descanso remunerado. Se aprovado, seguir\u00e1 para o plen\u00e1rio da Casa.<\/span><\/p>\n<\/div>\n<\/div>\n<div id=\"chunk-c7eld\">\n<div class=\"mc-column content-text active-extra-styles \" data-block-type=\"unstyled\" data-block-weight=\"39\" data-block-id=\"7\">\n<p class=\" content-text__container \" data-track-category=\"Link no Texto\" data-track-links=\"\" data-mrf-recirculation=\"Mat\u00e9ria - Links no Texto\"><span style=\"color: #000000;\">Em maio, o plen\u00e1rio da C\u00e2mara dos Deputados aprovou a Proposta de Emenda \u00e0 Constitui\u00e7\u00e3o (PEC) que reduz a jornada de trabalho de 44 para 40 horas semanais em at\u00e9 14 meses e determina o fim da escala 6&#215;1.<\/span><\/p>\n<\/div>\n<\/div>\n<div id=\"chunk-bil63\">\n<div class=\"content-ads content-ads--reveal\" data-block-type=\"ads\" data-block-id=\"9\">\n<div id=\"banner_materia2\" class=\"tag-manager-publicidade-container tag-manager-publicidade-banner_materia2 tag-manager-publicidade-container--carregado tag-manager-publicidade-container--visivel\" data-google-query-id=\"CMjo97mB0JYDFV1HuAQdPTYc5Q\">\n<div id=\"google_ads_iframe_\/95377733\/tvg_G1\/Trabalho_e_Carreira_3__container__\">\n<div class=\"mc-column content-text active-extra-styles \" data-block-type=\"unstyled\" data-block-weight=\"32\" data-block-id=\"8\">\n<p class=\" content-text__container \" data-track-category=\"Link no Texto\" data-track-links=\"\" data-mrf-recirculation=\"Mat\u00e9ria - Links no Texto\"><span style=\"color: #000000;\">A jornada 6&#215;1 n\u00e3o \u00e9 a \u00fanica que poder\u00e1 ser adotada no Brasil. <\/span><\/p>\n<p class=\" content-text__container \" data-track-category=\"Link no Texto\" data-track-links=\"\" data-mrf-recirculation=\"Mat\u00e9ria - Links no Texto\"><span style=\"color: #000000;\">As escalas de trabalho variam conforme a atividade e o regime de trabalho e devem respeitar as regras previstas na legisla\u00e7\u00e3o trabalhista.<\/span><\/p>\n<\/div>\n<\/div>\n<\/div>\n<\/div>\n<\/div>\n<div id=\"chunk-4bnml\">\n<div class=\"mc-column content-text active-extra-styles \" data-block-type=\"unstyled\" data-block-weight=\"43\" data-block-id=\"10\">\n<p class=\" content-text__container \" data-track-category=\"Link no Texto\" data-track-links=\"\" data-mrf-recirculation=\"Mat\u00e9ria - Links no Texto\"><span style=\"color: #000000;\">Especialistas ouvidos pelo pela reportagem explicam que as escalas de trabalho estabelecem a rela\u00e7\u00e3o entre os dias trabalhados e os per\u00edodos de descanso. <\/span><\/p>\n<p class=\" content-text__container \" data-track-category=\"Link no Texto\" data-track-links=\"\" data-mrf-recirculation=\"Mat\u00e9ria - Links no Texto\"><span style=\"color: #000000;\"><em><span class=\"highlight highlighted\">A jornada e os intervalos podem variar de acordo com a escala, o setor e as regras aplic\u00e1veis a cada categoria.<\/span><\/em><\/span><\/p>\n<\/div>\n<\/div>\n<div id=\"chunk-33hk9\">\n<div class=\"mc-column content-text active-extra-styles \" data-block-type=\"unstyled\" data-block-weight=\"34\" data-block-id=\"11\">\n<p class=\" content-text__container \" data-track-category=\"Link no Texto\" data-track-links=\"\" data-mrf-recirculation=\"Mat\u00e9ria - Links no Texto\"><span style=\"color: #000000;\">Na pr\u00e1tica, o que diferencia uma escala da outra \u00e9 a distribui\u00e7\u00e3o dos dias de trabalho e de descanso ao longo da semana. <\/span><\/p>\n<p class=\" content-text__container \" data-track-category=\"Link no Texto\" data-track-links=\"\" data-mrf-recirculation=\"Mat\u00e9ria - Links no Texto\"><span style=\"color: #000000;\">Entre os modelos de escala est\u00e3o 6&#215;1, 5&#215;2, 4&#215;3 e 12&#215;36.<\/span><\/p>\n<\/div>\n<\/div>\n<div id=\"chunk-40l10\">\n<div class=\"mc-column content-text active-extra-styles \" data-block-type=\"unstyled\" data-block-weight=\"7\" data-block-id=\"13\">\n<p class=\" content-text__container \" data-track-category=\"Link no Texto\" data-track-links=\"\" data-mrf-recirculation=\"Mat\u00e9ria - Links no Texto\"><span class=\"highlight highlighted\" style=\"color: #ff0000;\">Veja como funciona cada um deles:<\/span><\/p>\n<\/div>\n<\/div>\n<div id=\"chunk-ahk4l\">\n<div class=\"mc-column content-text active-extra-styles\" data-block-type=\"raw\" data-block-weight=\"247\" data-block-id=\"15\">\n<ul class=\"content-unordered-list\" data-mrf-recirculation=\"Mat\u00e9ria - Leia Tamb\u00e9m (Lista)\">\n<li><span style=\"color: #000000;\"><span style=\"color: #ff0000;\">6X1 &#8211;<\/span> Um dos formatos mais tradicionais no Brasil, com seis dias consecutivos de trabalho seguidos por um dia de folga. Para cumprir o limite de 44 horas semanais, a jornada di\u00e1ria gira em torno de 7 horas e 20 minutos. \u00c9 um modelo amplamente adotado em setores que demandam opera\u00e7\u00e3o cont\u00ednua, como com\u00e9rcio, ind\u00fastria e servi\u00e7os essenciais.<\/span><\/li>\n<li><span style=\"color: #000000;\"><span style=\"color: #ff0000;\">5X2 &#8211;<\/span> S\u00e3o cinco dias de trabalho e dois de descanso, que n\u00e3o precisam ser consecutivos embora, o mais comum seja a folga aos s\u00e1bados e domingos. Nesse modelo, a jornada di\u00e1ria costuma ser de 8 horas e 48 minutos para totalizar as 44 horas semanais ou de 8 horas di\u00e1rias quando a carga semanal \u00e9 de 40 horas.<\/span><\/li>\n<li><span style=\"color: #000000;\">\u00a0<span style=\"color: #ff0000;\">4X3 &#8211;<\/span> Modelo mais recente, com quatro dias de trabalho e tr\u00eas de descanso. Para cumprir as 44 horas semanais, a jornada di\u00e1ria precisaria ser de 11 horas, acima do limite legal de 10 horas di\u00e1rias (8 horas regulares mais at\u00e9 2 horas extras). Por isso, a aplica\u00e7\u00e3o geralmente est\u00e1 associada a uma carga semanal reduzida, como 36 horas (com 9 horas di\u00e1rias), e depende de negocia\u00e7\u00e3o por meio de acordo ou conven\u00e7\u00e3o coletiva.<\/span><\/li>\n<li><span style=\"color: #000000;\"><span style=\"color: #ff0000;\">12X36 &#8211;\u00a0<\/span> Regime especial em que o empregado trabalha por 12 horas consecutivas e descansa pelas 36 horas seguintes. Comum em setores como sa\u00fade e seguran\u00e7a, esse modelo foi validado pela reforma trabalhista e pode ser institu\u00eddo por acordo individual escrito. Em um m\u00eas, o trabalhador costuma trabalhar cerca de 15 dias e folgar outros 15, em ciclos alternados.<\/span><\/li>\n<\/ul>\n<\/div>\n<\/div>\n<div id=\"chunk-msr5\">\n<div class=\"mc-column content-text active-extra-styles \" data-block-type=\"unstyled\" data-block-weight=\"32\" data-block-id=\"18\">\n<p class=\" content-text__container \" data-track-category=\"Link no Texto\" data-track-links=\"\" data-mrf-recirculation=\"Mat\u00e9ria - Links no Texto\"><span style=\"color: #000000;\">Segundo Eliane Aere, presidente da Associa\u00e7\u00e3o Brasileira de Recursos Humanos (ABRH-SP), independentemente da escala adotada, o intervalo para repouso e alimenta\u00e7\u00e3o e o descanso semanal remunerado s\u00e3o direitos que devem ser garantidos.<\/span><\/p>\n<p class=\" content-text__container \" data-track-category=\"Link no Texto\" data-track-links=\"\" data-mrf-recirculation=\"Mat\u00e9ria - Links no Texto\"><span style=\"color: #000000;\"><strong><em>\u201c<\/em>A legisla\u00e7\u00e3o trabalhista brasileira permite a ado\u00e7\u00e3o dessas escalas, desde que respeitados os limites de jornada e os direitos do trabalhador. No entanto, a necessidade de acordo ou conven\u00e7\u00e3o coletiva varia conforme o modelo\u201d, explica.<\/strong><\/span><\/p>\n<\/div>\n<\/div>\n<div id=\"chunk-9e2lq\">\n<div class=\"mc-column content-text active-extra-styles \" data-block-type=\"unstyled\" data-block-weight=\"44\" data-block-id=\"20\">\n<p class=\" content-text__container \" data-track-category=\"Link no Texto\" data-track-links=\"\" data-mrf-recirculation=\"Mat\u00e9ria - Links no Texto\"><span style=\"color: #000000;\">Ela destaca que as escalas <span style=\"color: #ff0000;\">6&#215;1 e 5&#215;2<\/span> est\u00e3o alinhadas ao limite constitucional de at\u00e9 8 horas di\u00e1rias e 44 horas semanais e por isso, <span class=\"highlight highlighted\">podem ser adotadas diretamente no contrato de trabalho, sem necessidade de acordo coletivo, desde que esses par\u00e2metros sejam respeitados.<\/span><\/span><\/p>\n<\/div>\n<\/div>\n<div id=\"chunk-1fapl\">\n<div class=\"mc-column content-text active-extra-styles \" data-block-type=\"unstyled\" data-block-weight=\"44\" data-block-id=\"21\">\n<p class=\" content-text__container \" data-track-category=\"Link no Texto\" data-track-links=\"\" data-mrf-recirculation=\"Mat\u00e9ria - Links no Texto\"><span style=\"color: #000000;\">J\u00e1 a escala <span style=\"color: #ff0000;\">12&#215;36<\/span> passou a ter respaldo legal com a reforma trabalhista de 2017, que permitiu sua ado\u00e7\u00e3o por meio de acordo individual escrito ou de negocia\u00e7\u00e3o coletiva. Antes disso, esse modelo s\u00f3 era considerado v\u00e1lido quando previsto em conven\u00e7\u00e3o ou acordo coletivo.<\/span><\/p>\n<\/div>\n<\/div>\n<div id=\"chunk-29t6o\">\n<div class=\"mc-column content-text active-extra-styles \" data-block-type=\"unstyled\" data-block-weight=\"42\" data-block-id=\"23\">\n<p class=\" content-text__container \" data-track-category=\"Link no Texto\" data-track-links=\"\" data-mrf-recirculation=\"Mat\u00e9ria - Links no Texto\"><span style=\"color: #000000;\">A escala <span style=\"color: #ff0000;\">4&#215;3<\/span><strong>,<\/strong> por sua vez, <strong>n\u00e3o tem previs\u00e3o espec\u00edfica na legisla\u00e7\u00e3o<\/strong> e exige maior cautela. Segundo Eliane, a ado\u00e7\u00e3o depende de negocia\u00e7\u00e3o coletiva j\u00e1 que, para cumprir 44 horas semanais, a jornada di\u00e1ria ultrapassaria o limite legal de horas permitidas.<\/span><\/p>\n<\/div>\n<\/div>\n<div id=\"chunk-bf387\">\n<div class=\"mc-column content-text active-extra-styles\" data-block-type=\"raw\" data-block-weight=\"6\" data-block-id=\"24\">\n<h4 class=\"content-text__container\" data-mrf-recirculation=\"Mat\u00e9ria - Links no Texto\"><span style=\"text-decoration: underline; color: #000000;\">Como fica a remunera\u00e7\u00e3o?\u00a0<\/span><\/h4>\n<\/div>\n<\/div>\n<div id=\"chunk-18lk5\">\n<div class=\"mc-column content-text active-extra-styles \" data-block-type=\"unstyled\" data-block-weight=\"28\" data-block-id=\"25\">\n<p class=\" content-text__container \" data-track-category=\"Link no Texto\" data-track-links=\"\" data-mrf-recirculation=\"Mat\u00e9ria - Links no Texto\"><span style=\"color: #000000;\">A escala de trabalho <span style=\"text-decoration: underline;\"><em>n\u00e3o altera o sal\u00e1rio-base do trabalhador<\/em><\/span>, definido pela jornada contratual. <\/span><\/p>\n<p class=\" content-text__container \" data-track-category=\"Link no Texto\" data-track-links=\"\" data-mrf-recirculation=\"Mat\u00e9ria - Links no Texto\"><span style=\"color: #000000;\">O principal impacto est\u00e1 na forma de c\u00e1lculo das horas extras e dos adicionais.<\/span><\/p>\n<\/div>\n<\/div>\n<div id=\"chunk-4i74b\">\n<div class=\"mc-column content-text active-extra-styles \" data-block-type=\"unstyled\" data-block-weight=\"52\" data-block-id=\"26\">\n<p class=\" content-text__container \" data-track-category=\"Link no Texto\" data-track-links=\"\" data-mrf-recirculation=\"Mat\u00e9ria - Links no Texto\"><span style=\"color: #000000;\">O valor da hora de trabalho serve como base para esses c\u00e1lculos, e qualquer per\u00edodo que ultrapasse a jornada di\u00e1ria ou semanal prevista deve ser remunerado como hora extra, com adicional m\u00ednimo de 50%. <span class=\"highlight highlighted\">Nas escalas 6&#215;1 e 5&#215;2, a regra segue o padr\u00e3o: ultrapassada a jornada, h\u00e1 pagamento de hora extra.<\/span><\/span><\/p>\n<\/div>\n<\/div>\n<div id=\"chunk-23i20\">\n<div class=\"mc-column content-text active-extra-styles \" data-block-type=\"unstyled\" data-block-weight=\"37\" data-block-id=\"27\">\n<p class=\" content-text__container \" data-track-category=\"Link no Texto\" data-track-links=\"\" data-mrf-recirculation=\"Mat\u00e9ria - Links no Texto\"><span style=\"color: #000000;\">Na escala <span style=\"color: #ff0000;\">12&#215;36<\/span>, a legisla\u00e7\u00e3o considera compensados os feriados trabalhados e a prorroga\u00e7\u00e3o do trabalho noturno, pela pr\u00f3pria natureza do regime. Nesse modelo, s\u00f3 h\u00e1 pagamento de horas extras quando a jornada ultrapassa as 12 horas previstas.<\/span><\/p>\n<\/div>\n<\/div>\n<div id=\"chunk-c2gum\">\n<div class=\"mc-column content-text active-extra-styles\" data-block-type=\"raw\" data-block-weight=\"8\" data-block-id=\"28\">\n<div class=\"content-intertitle\">\n<h4><span style=\"text-decoration: underline; color: #000000;\">Trabalho aos finais de semana e feriados<\/span><\/h4>\n<\/div>\n<\/div>\n<\/div>\n<div id=\"chunk-8rn59\">\n<div class=\"mc-column content-text active-extra-styles \" data-block-type=\"unstyled\" data-block-weight=\"24\" data-block-id=\"30\">\n<p class=\" content-text__container \" data-track-category=\"Link no Texto\" data-track-links=\"\" data-mrf-recirculation=\"Mat\u00e9ria - Links no Texto\"><span style=\"color: #000000;\">Todo trabalhador independentemente da escala, tem direito ao Descanso Semanal Remunerado (DSR), que \u00e9 pago mesmo quando n\u00e3o h\u00e1 presta\u00e7\u00e3o de servi\u00e7o naquele dia.<\/span><\/p>\n<\/div>\n<\/div>\n<div id=\"chunk-2mq8j\">\n<div class=\"mc-column content-text active-extra-styles \" data-block-type=\"unstyled\" data-block-weight=\"55\" data-block-id=\"31\">\n<p class=\" content-text__container \" data-track-category=\"Link no Texto\" data-track-links=\"\" data-mrf-recirculation=\"Mat\u00e9ria - Links no Texto\"><span style=\"color: #000000;\">Ana Maria Fiorencio, advogada trabalhista do escrit\u00f3rio A. C. Burlamaqui Advogados, explica que a Justi\u00e7a do Trabalho tem garantido que empregados de setores autorizados a funcionar aos domingos tenham folga dominical ao menos uma vez a cada tr\u00eas semanas. <\/span><\/p>\n<p class=\" content-text__container \" data-track-category=\"Link no Texto\" data-track-links=\"\" data-mrf-recirculation=\"Mat\u00e9ria - Links no Texto\"><span style=\"color: #000000;\">No caso das mulheres, a folga aos domingos deve ocorrer no m\u00ednimo, a cada 15 dias.<\/span><\/p>\n<\/div>\n<\/div>\n<div id=\"chunk-187bv\">\n<div class=\"mc-column content-text active-extra-styles \" data-block-type=\"unstyled\" data-block-weight=\"53\" data-block-id=\"32\">\n<p class=\" content-text__container \" data-track-category=\"Link no Texto\" data-track-links=\"\" data-mrf-recirculation=\"Mat\u00e9ria - Links no Texto\"><span style=\"color: #000000;\">O Tribunal Superior do Trabalho (TST) deve julgar o Tema 49, que busca uniformizar o entendimento sobre a obrigatoriedade da concess\u00e3o de folga aos domingos, a cada tr\u00eas semanas, nas escalas <span style=\"color: #ff0000;\">6&#215;1<\/span> ou <span style=\"color: #ff0000;\">5&#215;1<\/span>. Caso essa regra n\u00e3o seja observada, o empregador pode ser obrigado a pagar o dia em dobro.<\/span><\/p>\n<\/div>\n<\/div>\n<div id=\"chunk-1sd8i\">\n<div class=\"mc-column content-text active-extra-styles \" data-block-type=\"unstyled\" data-block-weight=\"40\" data-block-id=\"33\">\n<p class=\" content-text__container \" data-track-category=\"Link no Texto\" data-track-links=\"\" data-mrf-recirculation=\"Mat\u00e9ria - Links no Texto\"><span style=\"color: #000000;\">Outra mudan\u00e7a relevante ocorreu com a <em>nova regulamenta\u00e7\u00e3o do trabalho no com\u00e9rcio em feriados.<\/em> <\/span><\/p>\n<p class=\" content-text__container \" data-track-category=\"Link no Texto\" data-track-links=\"\" data-mrf-recirculation=\"Mat\u00e9ria - Links no Texto\"><span style=\"color: #000000;\">A portaria do Minist\u00e9rio do Trabalho e Emprego (MTE) determina que como regra, o funcionamento do com\u00e9rcio em feriados depende de autoriza\u00e7\u00e3o prevista em conven\u00e7\u00e3o coletiva.<\/span><\/p>\n<\/div>\n<\/div>\n<div id=\"chunk-8lbj7\">\n<div class=\"mc-column content-text active-extra-styles \" data-block-type=\"unstyled\" data-block-weight=\"46\" data-block-id=\"34\">\n<p class=\" content-text__container \" data-track-category=\"Link no Texto\" data-track-links=\"\" data-mrf-recirculation=\"Mat\u00e9ria - Links no Texto\"><span style=\"color: #000000;\">Para os feriados, vale a regra geral da CLT: o trabalho nesses dias s\u00f3 \u00e9 permitido com autoriza\u00e7\u00e3o em acordo coletivo e quando ocorre, deve ser remunerado em dobro, exceto na escala <span style=\"color: #ff0000;\">12&#215;36<\/span>, em que a compensa\u00e7\u00e3o e o pagamento j\u00e1 est\u00e3o previstos no regime.<\/span><\/p>\n<\/div>\n<\/div>\n<div id=\"chunk-30tf9\">\n<div class=\"mc-column content-text active-extra-styles\" data-block-type=\"raw\" data-block-weight=\"8\" data-block-id=\"35\">\n<div class=\"content-intertitle\">\n<h4><span style=\"text-decoration: underline; color: #000000;\">A empresa pode mudar a escala sozinha?\u00a0<\/span><\/h4>\n<\/div>\n<\/div>\n<\/div>\n<div id=\"chunk-9tcoa\">\n<div class=\"mc-column content-text active-extra-styles \" data-block-type=\"unstyled\" data-block-weight=\"38\" data-block-id=\"37\">\n<p class=\" content-text__container \" data-track-category=\"Link no Texto\" data-track-links=\"\" data-mrf-recirculation=\"Mat\u00e9ria - Links no Texto\"><span style=\"color: #000000;\">A mudan\u00e7a na escala \u00e9 considerada uma <em>altera\u00e7\u00e3o relevante do contrato de trabalho<\/em> \u00a0e por isso, segundo o artigo 468 da CLT, s\u00f3 \u00e9 v\u00e1lida quando houver m\u00fatuo consentimento e desde que n\u00e3o haja preju\u00edzo ao empregado.<\/span><\/p>\n<\/div>\n<\/div>\n<div id=\"chunk-6ogb1\">\n<div class=\"mc-column content-text active-extra-styles \" data-block-type=\"unstyled\" data-block-weight=\"37\" data-block-id=\"38\">\n<p class=\" content-text__container \" data-track-category=\"Link no Texto\" data-track-links=\"\" data-mrf-recirculation=\"Mat\u00e9ria - Links no Texto\"><span style=\"color: #000000;\">Altera\u00e7\u00f5es que inviabilizem outro emprego, comprometam os estudos ou afetem o cuidado com filhos <em>podem ser contestadas judicialmente<\/em>. <\/span><\/p>\n<p class=\" content-text__container \" data-track-category=\"Link no Texto\" data-track-links=\"\" data-mrf-recirculation=\"Mat\u00e9ria - Links no Texto\"><span style=\"color: #000000;\">Em casos de necessidade operacional comprovada, pode haver flexibiliza\u00e7\u00e3o, mas a empresa deve justificar a mudan\u00e7a e comunic\u00e1-la previamente.<\/span><\/p>\n<p class=\" content-text__container \" data-track-category=\"Link no Texto\" data-track-links=\"\" data-mrf-recirculation=\"Mat\u00e9ria - Links no Texto\"><span style=\"color: #000000;\"><strong>\u201cA empresa pode realizar a mudan\u00e7a se houver uma justificativa operacional real, se essa possibilidade estiver prevista no contrato de trabalho e idealmente, se houver a concord\u00e2ncia do funcion\u00e1rio. Comunica\u00e7\u00e3o pr\u00e9via e transpar\u00eancia s\u00e3o fundamentais para minimizar conflitos\u201d, afirma Eliane Aere.<\/strong><\/span><\/p>\n<\/div>\n<\/div>\n<div id=\"chunk-afsj7\">\n<div class=\"mc-column content-text active-extra-styles\" data-block-type=\"raw\" data-block-weight=\"7\" data-block-id=\"41\">\n<div class=\"content-intertitle\">\n<h4><span style=\"text-decoration: underline; color: #000000;\">Direitos que n\u00e3o podem ser alterados\u00a0<\/span><\/h4>\n<\/div>\n<\/div>\n<\/div>\n<div id=\"chunk-bcujq\">\n<div class=\"mc-column content-text active-extra-styles \" data-block-type=\"unstyled\" data-block-weight=\"24\" data-block-id=\"43\">\n<p class=\" content-text__container \" data-track-category=\"Link no Texto\" data-track-links=\"\" data-mrf-recirculation=\"Mat\u00e9ria - Links no Texto\"><span style=\"color: #000000;\">A legisla\u00e7\u00e3o trabalhista prev\u00ea um conjunto de direitos que n\u00e3o podem ser suprimidos ou reduzidos por acordo coletivo ou por mudan\u00e7a de escala.<\/span><\/p>\n<\/div>\n<\/div>\n<div id=\"chunk-32a96\">\n<div class=\"mc-column content-text active-extra-styles \" data-block-type=\"unstyled\" data-block-weight=\"3\" data-block-id=\"44\">\n<p class=\" content-text__container \" data-track-category=\"Link no Texto\" data-track-links=\"\" data-mrf-recirculation=\"Mat\u00e9ria - Links no Texto\"><span class=\"highlight highlighted\" style=\"color: #000000;\">Entre eles est\u00e3o:<\/span><\/p>\n<\/div>\n<\/div>\n<div id=\"chunk-akn7f\">\n<div class=\"mc-column content-text active-extra-styles\" data-block-type=\"raw\" data-block-weight=\"56\" data-block-id=\"45\">\n<ul class=\"content-unordered-list\" data-mrf-recirculation=\"Mat\u00e9ria - Leia Tamb\u00e9m (Lista)\">\n<li><span style=\"color: #000000;\">Sal\u00e1rio m\u00ednimo;<\/span><\/li>\n<li><span style=\"color: #000000;\">Dep\u00f3sitos do Fundo de Garantia do Tempo de Servi\u00e7o (FGTS);<\/span><\/li>\n<li><span style=\"color: #000000;\">13\u00ba sal\u00e1rio;<\/span><\/li>\n<li><span style=\"color: #000000;\">Remunera\u00e7\u00e3o do trabalho noturno superior \u00e0 do diurno;<\/span><\/li>\n<li><span style=\"color: #000000;\">Prote\u00e7\u00e3o do sal\u00e1rio;<\/span><\/li>\n<li><span style=\"color: #000000;\">F\u00e9rias anuais de 30 dias, com adicional de um ter\u00e7o;<\/span><\/li>\n<li><span style=\"color: #000000;\">Descanso semanal remunerado;<\/span><\/li>\n<li><span style=\"color: #000000;\">Licen\u00e7a-maternidade (m\u00ednimo de 120 dias) e licen\u00e7a-paternidade;<\/span><\/li>\n<li><span style=\"color: #000000;\">Aviso pr\u00e9vio proporcional;<\/span><\/li>\n<li><span style=\"color: #000000;\">Normas de sa\u00fade, higiene e seguran\u00e7a do trabalho.<\/span><\/li>\n<\/ul>\n<\/div>\n<\/div>\n<div id=\"chunk-40l3f\">\n<div class=\"mc-column content-text active-extra-styles \" data-block-type=\"unstyled\" data-block-weight=\"21\" data-block-id=\"46\">\n<p class=\" content-text__container \" data-track-category=\"Link no Texto\" data-track-links=\"\" data-mrf-recirculation=\"Mat\u00e9ria - Links no Texto\"><span style=\"color: #000000;\">Segundo Eliane Aere, esses direitos formam uma base m\u00ednima de prote\u00e7\u00e3o ao trabalhador, e nenhuma escala pode se sobrepor a eles.<\/span><\/p>\n<\/div>\n<\/div>\n<div id=\"chunk-ehk8g\">\n<div class=\"mc-column content-text active-extra-styles\" data-block-type=\"raw\" data-block-weight=\"7\" data-block-id=\"47\">\n<div class=\"content-intertitle\">\n<h4><span style=\"text-decoration: underline; color: #000000;\">Erros mais comuns cometidos pelas empresas\u00a0<\/span><\/h4>\n<\/div>\n<\/div>\n<\/div>\n<div id=\"chunk-7db76\">\n<div class=\"mc-column content-text active-extra-styles \" data-block-type=\"unstyled\" data-block-weight=\"16\" data-block-id=\"48\">\n<p class=\" content-text__container \" data-track-category=\"Link no Texto\" data-track-links=\"\" data-mrf-recirculation=\"Mat\u00e9ria - Links no Texto\"><span style=\"color: #000000;\">Entre as irregularidades mais frequentes cometidas pelas empresas na aplica\u00e7\u00e3o dessas escalas de trabalho est\u00e3o:<\/span><\/p>\n<\/div>\n<\/div>\n<div id=\"chunk-a32ot\">\n<div class=\"mc-column content-text active-extra-styles\" data-block-type=\"raw\" data-block-weight=\"47\" data-block-id=\"49\">\n<ul class=\"content-unordered-list\" data-mrf-recirculation=\"Mat\u00e9ria - Leia Tamb\u00e9m (Lista)\">\n<li><span style=\"color: #000000;\">N\u00e3o concess\u00e3o do descanso semanal<\/span><\/li>\n<li><span style=\"color: #000000;\">Desrespeito ao intervalo intrajornada<\/span><\/li>\n<li><span style=\"color: #000000;\">N\u00e3o pagamento de horas extras<\/span><\/li>\n<li><span style=\"color: #000000;\">Folgas dominicais irregulares<\/span><\/li>\n<li><span style=\"color: #000000;\">Compensa\u00e7\u00e3o de jornada sem acordo v\u00e1lido<\/span><\/li>\n<li><span style=\"color: #000000;\">Descumprimento do intervalo m\u00ednimo de 11 horas entre jornadas<\/span><\/li>\n<li><span style=\"color: #000000;\">Horas extras habituais na escala 12&#215;36, descaracterizando o regime<\/span><\/li>\n<li><span style=\"color: #000000;\">Pagamento de horas extras a menor<\/span><\/li>\n<\/ul>\n<\/div>\n<\/div>\n<div id=\"chunk-682cn\">\n<div class=\"mc-column content-text active-extra-styles \" data-block-type=\"unstyled\" data-block-weight=\"26\" data-block-id=\"50\">\n<p class=\" content-text__container \" data-track-category=\"Link no Texto\" data-track-links=\"\" data-mrf-recirculation=\"Mat\u00e9ria - Links no Texto\"><span style=\"color: #000000;\">Diante de irregularidades, o trabalhador pode buscar o RH da empresa, o sindicato ou o Minist\u00e9rio do Trabalho e em \u00faltimo caso, ingressar com a\u00e7\u00e3o trabalhista.<\/span><\/p>\n<\/div>\n<\/div>\n<div id=\"chunk-27cfc\">\n<div class=\"content-ads content-ads--reveal\" data-block-type=\"ads\" data-block-id=\"52\">\n<div id=\"banner_materia__b1ec190c-7165-4ef3-9be0-82678a919e4b\" class=\"tag-manager-publicidade-container tag-manager-publicidade-banner_materia__b1ec190c-7165-4ef3-9be0-82678a919e4b tag-manager-publicidade-container--carregado tag-manager-publicidade-container--visivel\" data-google-query-id=\"CPupw4KC0JYDFc0_uQYdBfo3tw\">\n<h4 id=\"google_ads_iframe_\/95377733\/tvg_G1\/Trabalho_e_Carreira_11__container__\"><span style=\"text-decoration: underline; color: #000000;\">Impactos na qualidade de vida<\/span><\/h4>\n<\/div>\n<\/div>\n<\/div>\n<div id=\"chunk-544mb\">\n<div class=\"mc-column content-text active-extra-styles \" data-block-type=\"unstyled\" data-block-weight=\"19\" data-block-id=\"53\">\n<p class=\" content-text__container \" data-track-category=\"Link no Texto\" data-track-links=\"\" data-mrf-recirculation=\"Mat\u00e9ria - Links no Texto\"><span style=\"color: #000000;\">Especialistas alertam que a escolha da escala de trabalho tem impacto direto na sa\u00fade e no bem-estar dos funcion\u00e1rios.<\/span><\/p>\n<\/div>\n<\/div>\n<div id=\"chunk-4o7j7\">\n<div class=\"mc-column content-text active-extra-styles \" data-block-type=\"unstyled\" data-block-weight=\"19\" data-block-id=\"54\">\n<p class=\" content-text__container \" data-track-category=\"Link no Texto\" data-track-links=\"\" data-mrf-recirculation=\"Mat\u00e9ria - Links no Texto\"><span style=\"color: #000000;\">Escalas com folgas mais longas podem favorecer a recupera\u00e7\u00e3o f\u00edsica e mental, desde que n\u00e3o impliquem jornadas excessivamente extensas.<\/span><\/p>\n<\/div>\n<\/div>\n<div id=\"chunk-42rgd\">\n<div class=\"mc-column content-text active-extra-styles \" data-block-type=\"unstyled\" data-block-weight=\"32\" data-block-id=\"55\">\n<p class=\" content-text__container \" data-track-category=\"Link no Texto\" data-track-links=\"\" data-mrf-recirculation=\"Mat\u00e9ria - Links no Texto\"><span style=\"color: #000000;\">Embora empresas que adotaram testes-piloto, relatem ganhos de produtividade e bem-estar, entidades como a ABRH-SP defendem que <span class=\"highlight highlighted\">qualquer mudan\u00e7a ocorra preferencialmente, por meio da negocia\u00e7\u00e3o coletiva, considerando as particularidades de cada setor.<\/span><\/span><\/p>\n<\/div>\n<\/div>\n<div id=\"chunk-hoe4\">\n<div class=\"mc-column content-text active-extra-styles \" data-block-type=\"unstyled\" data-block-weight=\"22\" data-block-id=\"56\">\n<p class=\" content-text__container \" data-track-category=\"Link no Texto\" data-track-links=\"\" data-mrf-recirculation=\"Mat\u00e9ria - Links no Texto\"><span style=\"color: #000000;\">Ao mesmo tempo, cresce a preocupa\u00e7\u00e3o com sa\u00fade mental, burnout e a sustentabilidade das jornadas, mantendo o tema no centro das discuss\u00f5es.<\/span><\/p>\n<\/div>\n<\/div>\n<\/div>\n<p data-track-category=\"Link no Texto\" data-track-links=\"\" data-mrf-recirculation=\"Mat\u00e9ria - Links no Texto\"><span style=\"color: #000000;\">Fonte:<\/span><\/p>\n<p data-track-category=\"Link no Texto\" data-track-links=\"\" data-mrf-recirculation=\"Mat\u00e9ria - Links no Texto\"><span style=\"color: #000000;\">Comiss\u00e3o de Constitui\u00e7\u00e3o e Justi\u00e7a\/CCJ.<\/span><\/p>\n<p data-track-category=\"Link no Texto\" data-track-links=\"\" data-mrf-recirculation=\"Mat\u00e9ria - Links no Texto\"><span style=\"color: #000000;\">Eliane Aere, presidente da Associa\u00e7\u00e3o Brasileira de Recursos Humanos\/ABRH-SP.<\/span><\/p>\n<p data-track-category=\"Link no Texto\" data-track-links=\"\" data-mrf-recirculation=\"Mat\u00e9ria - Links no Texto\"><span style=\"color: #000000;\">Ana Maria Fiorencio, advogada trabalhista do escrit\u00f3rio A. C. Burlamaqui Advogados.<\/span><\/p>\n<p data-track-category=\"Link no Texto\" data-track-links=\"\" data-mrf-recirculation=\"Mat\u00e9ria - Links no Texto\"><span style=\"color: #000000;\">Tribunal Superior do Trabalho\/TST.<\/span><\/p>\n<p data-track-category=\"Link no Texto\" data-track-links=\"\" data-mrf-recirculation=\"Mat\u00e9ria - Links no Texto\"><span style=\"color: #000000;\">G1 &#8211; Trabalho e Carreira.<\/span><\/p>\n<p data-track-category=\"Link no Texto\" data-track-links=\"\" data-mrf-recirculation=\"Mat\u00e9ria - Links no Texto\"><span style=\"color: #000000;\">Mundiblue.<\/span><\/p>\n<p data-track-category=\"Link no Texto\" data-track-links=\"\" data-mrf-recirculation=\"Mat\u00e9ria - Links no Texto\">\n","protected":false},"excerpt":{"rendered":"<p>As escalas organizam os dias de trabalho e descanso e podem variar conforme a atividade e as regras aplic\u00e1veis a cada categoria; veja como funcionam os principais modelos &nbsp; A Comiss\u00e3o de Constitui\u00e7\u00e3o e Justi\u00e7a (CCJ) do Senado deve votar nesta quarta-feira 02\/09\/26 a proposta que prev\u00ea o fim da escala de trabalho 6&#215;1 (seis [&hellip;]<\/p>\n","protected":false},"author":2,"featured_media":0,"comment_status":"closed","ping_status":"open","sticky":false,"template":"","format":"standard","meta":{"inline_featured_image":false,"_exactmetrics_skip_tracking":false,"footnotes":""},"categories":[1],"tags":[],"class_list":["post-12488","post","type-post","status-publish","format-standard","hentry","category-noticias"],"_links":{"self":[{"href":"https:\/\/www.mundiblue.com\/consultoria\/wp-json\/wp\/v2\/posts\/12488","targetHints":{"allow":["GET"]}}],"collection":[{"href":"https:\/\/www.mundiblue.com\/consultoria\/wp-json\/wp\/v2\/posts"}],"about":[{"href":"https:\/\/www.mundiblue.com\/consultoria\/wp-json\/wp\/v2\/types\/post"}],"author":[{"embeddable":true,"href":"https:\/\/www.mundiblue.com\/consultoria\/wp-json\/wp\/v2\/users\/2"}],"replies":[{"embeddable":true,"href":"https:\/\/www.mundiblue.com\/consultoria\/wp-json\/wp\/v2\/comments?post=12488"}],"version-history":[{"count":4,"href":"https:\/\/www.mundiblue.com\/consultoria\/wp-json\/wp\/v2\/posts\/12488\/revisions"}],"predecessor-version":[{"id":12494,"href":"https:\/\/www.mundiblue.com\/consultoria\/wp-json\/wp\/v2\/posts\/12488\/revisions\/12494"}],"wp:attachment":[{"href":"https:\/\/www.mundiblue.com\/consultoria\/wp-json\/wp\/v2\/media?parent=12488"}],"wp:term":[{"taxonomy":"category","embeddable":true,"href":"https:\/\/www.mundiblue.com\/consultoria\/wp-json\/wp\/v2\/categories?post=12488"},{"taxonomy":"post_tag","embeddable":true,"href":"https:\/\/www.mundiblue.com\/consultoria\/wp-json\/wp\/v2\/tags?post=12488"}],"curies":[{"name":"wp","href":"https:\/\/api.w.org\/{rel}","templated":true}]}}